{"id":2652,"date":"2024-06-04T13:00:55","date_gmt":"2024-06-04T11:00:55","guid":{"rendered":"https:\/\/zeitgeistgermany.com\/?p=2652"},"modified":"2024-06-24T15:31:27","modified_gmt":"2024-06-24T13:31:27","slug":"so-waehlen-sie-die-richtige-groesse-und-das-richtige-kabel-fuer-ihre-iems","status":"publish","type":"post","link":"https:\/\/zeitgeistgermany.com\/de\/so-waehlen-sie-die-richtige-groesse-und-das-richtige-kabel-fuer-ihre-iems\/","title":{"rendered":"So w\u00e4hlen Sie die richtige Gr\u00f6\u00dfe und das richtige Kabel f\u00fcr Ihre IEMs"},"content":{"rendered":"\n\t<section class=\"section\" id=\"section_317141176\">\n\t\t<div class=\"section-bg fill\" >\n\t\t\t\t\t\t\t\t\t\n\t\t\t\n\n\t\t<\/div>\n\n\t\t\n\n\t\t<div class=\"section-content relative\">\n\t\t\t\n<div class=\"row align-center\"  id=\"row-1239191972\">\n\n\t<div id=\"col-1517202427\" class=\"col medium-10 small-12 large-10\"  >\n\t\t\t\t<div class=\"col-inner\"  >\n\t\t\t\n\t\t\t\n<p>Die richtige Passform und der optimale Anschluss k\u00f6nnen bei In-Ear-Monitoren den entscheidenden Unterschied f\u00fcr Ihr H\u00f6rerlebnis ausmachen.<\/p>\n<p>Im Gegensatz zu Ohrst\u00f6pseln, die in der Ohrmuschel sitzen, sind IEMs so konzipiert, dass sie in den Geh\u00f6rgang eingef\u00fchrt werden und dort dicht abschlie\u00dfen. Wenn diese Abdichtung nicht perfekt erreicht wird, sind Komfort, Stabilit\u00e4t und Klangqualit\u00e4t beeintr\u00e4chtigt. Aus diesem Grund haben wir alle Zeitgeist Germany IEMs in zwei Gr\u00f6\u00dfen &#8211; Normal und Kleinl &#8211; entwickelt, um den meisten Ohrformen gerecht zu werden.<\/p>\n<p>Wir wissen auch, dass Ihr Audio-Setup und Ihre H\u00f6rvorlieben unterschiedlich sind, daher wollten wir, dass unsere IEMs mit so vielen Ger\u00e4ten wie m\u00f6glich kompatibel sind. Um unterschiedlichen Bed\u00fcrfnissen gerecht zu werden, bieten wir zwei Kabeloptionen an: einen 3,5-mm- und einen 4,4-mm-Anschluss.<\/p>\n<p>In diesem Artikel haben wir einige Ratschl\u00e4ge zusammengestellt, die Ihnen bei der Auswahl der f\u00fcr Sie perfekten Optionen helfen sollen. Scrollen Sie nach unten, um mehr \u00fcber Gr\u00f6\u00dfen, Kabel, Kompatibilit\u00e4t und drahtlose Verbindungen zu erfahren.<\/p>\n\t\t<\/div>\n\t\t\t\t\t<\/div>\n\n\t\n<\/div>\n<div class=\"row align-center\"  id=\"row-1967257460\">\n\n\t<div id=\"col-249555572\" class=\"col medium-10 small-12 large-10\"  >\n\t\t\t\t<div class=\"col-inner\"  >\n\t\t\t\n\t\t\t\n<h2>Welche IEM-Gr\u00f6\u00dfe ist die richtige f\u00fcr mich?<\/h2>\n<p>Die Gr\u00f6\u00dfe unserer IEMs basiert auf dem Umfang Ihrer Ohrmuschel, dem hohlen Teil Ihrer Ohrmuschel direkt au\u00dferhalb des Geh\u00f6rgangs. Hier erfahren Sie, wie Sie die richtige Gr\u00f6\u00dfe f\u00fcr sich ausw\u00e4hlen k\u00f6nnen:<\/p>\n<ul>\n<li><strong>Normal<\/strong>: Geeignet f\u00fcr Personen mit gr\u00f6\u00dferen oder mittelgro\u00dfen Ohrmuscheln. Wenn Sie oft feststellen, dass Ihnen Standard-Ohrh\u00f6rer gut passen, ohne dass sie unangenehm sind, ist die Gr\u00f6\u00dfe Regular vielleicht ideal f\u00fcr Sie.<\/li>\n<li><strong>Klein<\/strong>: Konzipiert f\u00fcr Personen mit kleineren Ohrmuscheln. Wenn Sie h\u00e4ufig Beschwerden mit Standard-Ohrst\u00f6pseln haben oder wenn sie leicht herausfallen, ist die Gr\u00f6\u00dfe Small m\u00f6glicherweise besser geeignet. Unserer Erfahrung nach ist die Gr\u00f6\u00dfe Small f\u00fcr die meisten Frauen die richtige Wahl.<\/li>\n<\/ul>\n<p>Wenn Sie noch nicht sicher sind, welche Gr\u00f6\u00dfe f\u00fcr Sie die richtige ist, verwenden Sie die <a href=\"https:\/\/zeitgeistgermany.com\/de\/kontakt\/\">Kontakt<\/a> Seite, um mit uns Kontakt aufzunehmen, und wir helfen Ihnen bei der Suche nach einer passenden Stelle. <\/p>\n<p>Die Wahl der Ohrst\u00f6psel ist f\u00fcr die richtige Abdichtung ebenso wichtig. Da die Gr\u00f6\u00dfe der Geh\u00f6rg\u00e4nge variieren kann, werden alle Zeitgeist Germany IEMs mit 4 Ohrst\u00f6pselgr\u00f6\u00dfen (XS, S, M, L) geliefert, damit Sie Ihre Passform anpassen k\u00f6nnen.<\/p>\n<p>Dar\u00fcber hinaus haben wir eine breite Palette von 12 optionalen Ohrst\u00f6psel Typen und Gr\u00f6\u00dfen zur Auswahl, die Sie finden k\u00f6nnen <a href=\"https:\/\/zeitgeistgermany.com\/de\/produkt-kategorie\/zubehoer\/eartips-de\/\">here<\/a>.<\/p>\n<h2>Welches Kabel ben\u00f6tige ich?<\/h2>\n<p>Die Wahl des Kabels h\u00e4ngt davon ab, wie und wo Sie Ihre IEMs verwenden m\u00f6chten. Das sollten Sie wissen:<\/p>\n<ol>\n<li><strong>3.5mm Verbindung<\/strong><\/li>\n<\/ol>\n<ol>\n<li style=\"list-style-type: none;\">\n<ul>\n<li><strong>Vielseitigkeit<\/strong>: Das 3,5-mm-Kabel ist ideal f\u00fcr alle, die ihre IEMs mit Smartphones, Laptops oder anderen Ger\u00e4ten mit einem Standard-Kopfh\u00f6reranschluss verwenden.<\/li>\n<li><strong>Flexibilit\u00e4t<\/strong>: Es kann einfach mit einem Lightning- oder Typ-C-Adapter gekoppelt werden, um es an verschiedene Ger\u00e4te anzupassen, was es zur ersten Wahl f\u00fcr den t\u00e4glichen Gebrauch macht.<\/li>\n<li><strong>Komfort<\/strong>: Perfekt f\u00fcr Gelegenheitsh\u00f6rer, die Wert auf einfache Bedienung legen, ohne Kompromisse bei der Audioqualit\u00e4t einzugehen.<\/li>\n<\/ul>\n<\/li>\n<\/ol>\n<ol start=\"2\">\n<li><strong>4.4mm Verbindung<\/strong><\/li>\n<\/ol>\n<ol>\n<li style=\"list-style-type: none;\">\n<ul>\n<li><strong>Verbesserte Klangqualit\u00e4t<\/strong>: Das symmetrische 4,4-mm-Kabel kann die Audioleistung verbessern, wenn es mit kompatiblen Quellen verbunden wird.<\/li>\n<li><strong>Hi-Fi-Kompatibilit\u00e4t<\/strong>: Dieses Kabel ist f\u00fcr die Verwendung mit Desktop- oder tragbaren Verst\u00e4rkern und anderen HiFi-Audioquellen konzipiert und somit ideal f\u00fcr Audiophile und professionelle Anwender.<\/li>\n<li><strong>Konzentriertes Zuh\u00f6ren<\/strong>: Am besten geeignet f\u00fcr diejenigen, die h\u00f6chste Audioqualit\u00e4t anstreben und \u00fcber die Ausr\u00fcstung verf\u00fcgen, die symmetrische Verbindungen unterst\u00fctzt.<\/li>\n<\/ul>\n<\/li>\n<\/ol>\n<h3>Triff Deine Wahl<\/h3>\n<ul>\n<li><strong>F\u00fcr den t\u00e4glichen Gebrauch<\/strong>: Wenn Sie Ihre Musik haupts\u00e4chlich \u00fcber Ihr Telefon, Ihren Laptop oder Ihr Tablet h\u00f6ren, ist der 3,5-mm-Anschluss eine vielseitige und praktische Option.<\/li>\n<li><strong>F\u00fcr Audiophile und Profis<\/strong>: Wenn Sie eine HiFi-Anlage besitzen und die bestm\u00f6gliche Klangqualit\u00e4t anstreben, ist das symmetrische 4,4-mm-Kabel das Richtige f\u00fcr Sie.<\/li>\n<\/ul>\n<h2>Sind die Zeitgeist Germany IEMs mit meinem Smartphone kompatibel?<\/h2>\n<p>Wir wissen, wie wichtig die nahtlose Kompatibilit\u00e4t zwischen Ihren Ger\u00e4ten und unseren In-Ear-Monitoren (IEMs) ist. Ganz gleich, ob Sie ein Android-Smartphone mit USB-Typ-C-Anschluss, ein iPhone mit Lightning-Anschluss oder ein Ger\u00e4t mit 3,5-mm-Standardkopfh\u00f6rerbuchse verwenden, unsere IEMs sind so konzipiert, dass sie sich m\u00fchelos in Ihr Audio-Setup integrieren lassen. W\u00e4hlen Sie an der Kasse einfach die 3,5-mm-Kabeloption aus und kombinieren Sie sie mit dem richtigen Adapter, den wir anbieten <a href=\"https:\/\/zeitgeistgermany.com\/de\/produkt-kategorie\/zubehoer\/adapter\/\">here<\/a>.<\/p>\n<h2>Gibt es eine drahtlose Option von Zeitgeist Deutschland?<\/h2>\n<p>Als HiFi-Enthusiasten liegt unser Hauptaugenmerk auf der bestm\u00f6glichen Klangqualit\u00e4t, und nichts ist daf\u00fcr besser geeignet als eine kabelgebundene Verbindung. Aber wir verstehen auch die Nachfrage nach drahtloser Flexibilit\u00e4t in der heutigen Audio-Landschaft.<\/p>\n<p>In Verbindung mit einem tragbaren Verst\u00e4rker lassen sich unsere kabelgebundenen Kopfh\u00f6rer nahtlos in die Bluetooth-Technologie integrieren. Mit dieser einzigartigen Einrichtung k\u00f6nnen Sie die Freiheit einer kabellosen Verbindung genie\u00dfen und gleichzeitig die unvergleichliche Klangtreue einer kabelgebundenen Verbindung beibehalten. Eines unserer Lieblingsger\u00e4te daf\u00fcr ist der <a href=\"https:\/\/zeitgeistgermany.com\/produkt\/ifi-audio-go-blu-dac-amp-with-leather-case\/\">iFi Audio\u2019s GOblu<\/a> \u2013 GOblu von iFi Audio &#8211; er ist klein, einfach zu bedienen und schafft es hervorragend, die L\u00fccke zwischen kabelgebundenem und kabellosem Audioerlebnis zu schlie\u00dfen. Zum <a href=\"https:\/\/zeitgeistgermany.com\/produkt\/ifi-audio-go-blu-dac-amp-with-leather-case\/\">Shop<\/a>.<\/p>\n<p>Wenn Sie diese Richtlinien befolgen, k\u00f6nnen Sie sicher sein, dass Sie die richtigen Optionen gew\u00e4hlt haben, um ein bemerkenswertes Audioerlebnis zu schaffen. Jetzt bleibt nur noch, es zu genie\u00dfen!<\/p>\n\t\t<\/div>\n\t\t\t\t\t<\/div>\n\n\t\n<\/div>\n<div class=\"row align-center\"  id=\"row-894264585\">\n\n\t<div id=\"col-97468376\" class=\"col medium-10 small-12 large-10\"  >\n\t\t\t\t<div class=\"col-inner\"  >\n\t\t\t\n\t\t\t\n\t\t<\/div>\n\t\t\t\t\t<\/div>\n\n\t\n<\/div>\n\t\t<\/div>\n\n\t\t\n<style>\n#section_317141176 {\n  padding-top: 30px;\n  padding-bottom: 30px;\n}\n<\/style>\n\t<\/section>\n\t\n","protected":false},"excerpt":{"rendered":"<p>Die richtige Passform und der optimale Abschluss im Ohr k\u00f6nnen den entscheidenden Unterschied f\u00fcr Ihr H\u00f6rerlebnis mit In-Ear-Monitoren ausmachen.<\/p>\n","protected":false},"author":1,"featured_media":3188,"comment_status":"closed","ping_status":"closed","sticky":false,"template":"","format":"standard","meta":{"footnotes":""},"categories":[133],"tags":[],"class_list":["post-2652","post","type-post","status-publish","format-standard","has-post-thumbnail","hentry","category-zeitgeist-germany"],"yoast_head":"<!-- This site is optimized with the Yoast SEO plugin v27.4 - https:\/\/yoast.com\/product\/yoast-seo-wordpress\/ -->\n<title>So w\u00e4hlen Sie die richtige Gr\u00f6\u00dfe und das richtige Kabel f\u00fcr Ihre IEMs - zeitgeistgermany.com<\/title>\n<meta name=\"description\" content=\"Die richtige Passform kann bei der Verwendung von In-Ear-Monitoren den entscheidenden Unterschied im H\u00f6rerlebnis ausmachen.\" \/>\n<meta name=\"robots\" content=\"index, follow, max-snippet:-1, max-image-preview:large, max-video-preview:-1\" \/>\n<link rel=\"canonical\" href=\"https:\/\/zeitgeistgermany.com\/de\/so-waehlen-sie-die-richtige-groesse-und-das-richtige-kabel-fuer-ihre-iems\/\" \/>\n<meta property=\"og:locale\" content=\"de_DE\" \/>\n<meta property=\"og:type\" content=\"article\" \/>\n<meta property=\"og:title\" content=\"So w\u00e4hlen Sie die richtige Gr\u00f6\u00dfe und das richtige Kabel f\u00fcr Ihre IEMs - zeitgeistgermany.com\" \/>\n<meta property=\"og:description\" content=\"Die richtige Passform kann bei der Verwendung von In-Ear-Monitoren den entscheidenden Unterschied im H\u00f6rerlebnis ausmachen.\" \/>\n<meta property=\"og:url\" content=\"https:\/\/zeitgeistgermany.com\/de\/so-waehlen-sie-die-richtige-groesse-und-das-richtige-kabel-fuer-ihre-iems\/\" \/>\n<meta property=\"og:site_name\" content=\"zeitgeistgermany.com\" \/>\n<meta property=\"article:published_time\" content=\"2024-06-04T11:00:55+00:00\" \/>\n<meta property=\"article:modified_time\" content=\"2024-06-24T13:31:27+00:00\" \/>\n<meta property=\"og:image\" content=\"https:\/\/zeitgeistgermany.com\/wp-content\/uploads\/2024\/06\/zeitgeistgermany_whisky_islay_sizes_banner_view.jpg\" \/>\n\t<meta property=\"og:image:width\" content=\"1400\" \/>\n\t<meta property=\"og:image:height\" content=\"684\" \/>\n\t<meta property=\"og:image:type\" content=\"image\/jpeg\" \/>\n<meta name=\"author\" content=\"zeitgeist\" \/>\n<meta name=\"twitter:card\" content=\"summary_large_image\" \/>\n<meta name=\"twitter:label1\" content=\"Verfasst von\" \/>\n\t<meta name=\"twitter:data1\" content=\"zeitgeist\" \/>\n\t<meta name=\"twitter:label2\" content=\"Gesch\u00e4tzte Lesezeit\" \/>\n\t<meta name=\"twitter:data2\" content=\"5\u00a0Minuten\" \/>\n<script type=\"application\/ld+json\" class=\"yoast-schema-graph\">{\"@context\":\"https:\\\/\\\/schema.org\",\"@graph\":[{\"@type\":\"Article\",\"@id\":\"https:\\\/\\\/zeitgeistgermany.com\\\/de\\\/so-waehlen-sie-die-richtige-groesse-und-das-richtige-kabel-fuer-ihre-iems\\\/#article\",\"isPartOf\":{\"@id\":\"https:\\\/\\\/zeitgeistgermany.com\\\/de\\\/so-waehlen-sie-die-richtige-groesse-und-das-richtige-kabel-fuer-ihre-iems\\\/\"},\"author\":{\"name\":\"zeitgeist\",\"@id\":\"https:\\\/\\\/zeitgeistgermany.com\\\/de\\\/#\\\/schema\\\/person\\\/3dd884e49aea59d845f78032a7b1d760\"},\"headline\":\"So w\u00e4hlen Sie die richtige Gr\u00f6\u00dfe und das richtige Kabel f\u00fcr Ihre IEMs\",\"datePublished\":\"2024-06-04T11:00:55+00:00\",\"dateModified\":\"2024-06-24T13:31:27+00:00\",\"mainEntityOfPage\":{\"@id\":\"https:\\\/\\\/zeitgeistgermany.com\\\/de\\\/so-waehlen-sie-die-richtige-groesse-und-das-richtige-kabel-fuer-ihre-iems\\\/\"},\"wordCount\":944,\"publisher\":{\"@id\":\"https:\\\/\\\/zeitgeistgermany.com\\\/de\\\/#organization\"},\"image\":{\"@id\":\"https:\\\/\\\/zeitgeistgermany.com\\\/de\\\/so-waehlen-sie-die-richtige-groesse-und-das-richtige-kabel-fuer-ihre-iems\\\/#primaryimage\"},\"thumbnailUrl\":\"https:\\\/\\\/zeitgeistgermany.com\\\/wp-content\\\/uploads\\\/2024\\\/06\\\/zeitgeistgermany_whisky_islay_sizes_banner_view.jpg\",\"articleSection\":[\"Zeitgeist Germany\"],\"inLanguage\":\"de\"},{\"@type\":\"WebPage\",\"@id\":\"https:\\\/\\\/zeitgeistgermany.com\\\/de\\\/so-waehlen-sie-die-richtige-groesse-und-das-richtige-kabel-fuer-ihre-iems\\\/\",\"url\":\"https:\\\/\\\/zeitgeistgermany.com\\\/de\\\/so-waehlen-sie-die-richtige-groesse-und-das-richtige-kabel-fuer-ihre-iems\\\/\",\"name\":\"So w\u00e4hlen Sie die richtige Gr\u00f6\u00dfe und das richtige Kabel f\u00fcr Ihre IEMs - zeitgeistgermany.com\",\"isPartOf\":{\"@id\":\"https:\\\/\\\/zeitgeistgermany.com\\\/de\\\/#website\"},\"primaryImageOfPage\":{\"@id\":\"https:\\\/\\\/zeitgeistgermany.com\\\/de\\\/so-waehlen-sie-die-richtige-groesse-und-das-richtige-kabel-fuer-ihre-iems\\\/#primaryimage\"},\"image\":{\"@id\":\"https:\\\/\\\/zeitgeistgermany.com\\\/de\\\/so-waehlen-sie-die-richtige-groesse-und-das-richtige-kabel-fuer-ihre-iems\\\/#primaryimage\"},\"thumbnailUrl\":\"https:\\\/\\\/zeitgeistgermany.com\\\/wp-content\\\/uploads\\\/2024\\\/06\\\/zeitgeistgermany_whisky_islay_sizes_banner_view.jpg\",\"datePublished\":\"2024-06-04T11:00:55+00:00\",\"dateModified\":\"2024-06-24T13:31:27+00:00\",\"description\":\"Die richtige Passform kann bei der Verwendung von In-Ear-Monitoren den entscheidenden Unterschied im H\u00f6rerlebnis ausmachen.\",\"breadcrumb\":{\"@id\":\"https:\\\/\\\/zeitgeistgermany.com\\\/de\\\/so-waehlen-sie-die-richtige-groesse-und-das-richtige-kabel-fuer-ihre-iems\\\/#breadcrumb\"},\"inLanguage\":\"de\",\"potentialAction\":[{\"@type\":\"ReadAction\",\"target\":[\"https:\\\/\\\/zeitgeistgermany.com\\\/de\\\/so-waehlen-sie-die-richtige-groesse-und-das-richtige-kabel-fuer-ihre-iems\\\/\"]}]},{\"@type\":\"ImageObject\",\"inLanguage\":\"de\",\"@id\":\"https:\\\/\\\/zeitgeistgermany.com\\\/de\\\/so-waehlen-sie-die-richtige-groesse-und-das-richtige-kabel-fuer-ihre-iems\\\/#primaryimage\",\"url\":\"https:\\\/\\\/zeitgeistgermany.com\\\/wp-content\\\/uploads\\\/2024\\\/06\\\/zeitgeistgermany_whisky_islay_sizes_banner_view.jpg\",\"contentUrl\":\"https:\\\/\\\/zeitgeistgermany.com\\\/wp-content\\\/uploads\\\/2024\\\/06\\\/zeitgeistgermany_whisky_islay_sizes_banner_view.jpg\",\"width\":1400,\"height\":684},{\"@type\":\"BreadcrumbList\",\"@id\":\"https:\\\/\\\/zeitgeistgermany.com\\\/de\\\/so-waehlen-sie-die-richtige-groesse-und-das-richtige-kabel-fuer-ihre-iems\\\/#breadcrumb\",\"itemListElement\":[{\"@type\":\"ListItem\",\"position\":1,\"name\":\"Startseite\",\"item\":\"https:\\\/\\\/zeitgeistgermany.com\\\/de\\\/\"},{\"@type\":\"ListItem\",\"position\":2,\"name\":\"So w\u00e4hlen Sie die richtige Gr\u00f6\u00dfe und das richtige Kabel f\u00fcr Ihre IEMs\"}]},{\"@type\":\"WebSite\",\"@id\":\"https:\\\/\\\/zeitgeistgermany.com\\\/de\\\/#website\",\"url\":\"https:\\\/\\\/zeitgeistgermany.com\\\/de\\\/\",\"name\":\"zeitgeistgermany.com\",\"description\":\"Finest IEM - made in Germany.\",\"publisher\":{\"@id\":\"https:\\\/\\\/zeitgeistgermany.com\\\/de\\\/#organization\"},\"potentialAction\":[{\"@type\":\"SearchAction\",\"target\":{\"@type\":\"EntryPoint\",\"urlTemplate\":\"https:\\\/\\\/zeitgeistgermany.com\\\/de\\\/?s={search_term_string}\"},\"query-input\":{\"@type\":\"PropertyValueSpecification\",\"valueRequired\":true,\"valueName\":\"search_term_string\"}}],\"inLanguage\":\"de\"},{\"@type\":\"Organization\",\"@id\":\"https:\\\/\\\/zeitgeistgermany.com\\\/de\\\/#organization\",\"name\":\"zeitgeistgermany.com\",\"url\":\"https:\\\/\\\/zeitgeistgermany.com\\\/de\\\/\",\"logo\":{\"@type\":\"ImageObject\",\"inLanguage\":\"de\",\"@id\":\"https:\\\/\\\/zeitgeistgermany.com\\\/de\\\/#\\\/schema\\\/logo\\\/image\\\/\",\"url\":\"https:\\\/\\\/zeitgeistgermany.com\\\/wp-content\\\/uploads\\\/2024\\\/06\\\/webicon.png\",\"contentUrl\":\"https:\\\/\\\/zeitgeistgermany.com\\\/wp-content\\\/uploads\\\/2024\\\/06\\\/webicon.png\",\"width\":512,\"height\":512,\"caption\":\"zeitgeistgermany.com\"},\"image\":{\"@id\":\"https:\\\/\\\/zeitgeistgermany.com\\\/de\\\/#\\\/schema\\\/logo\\\/image\\\/\"}},{\"@type\":\"Person\",\"@id\":\"https:\\\/\\\/zeitgeistgermany.com\\\/de\\\/#\\\/schema\\\/person\\\/3dd884e49aea59d845f78032a7b1d760\",\"name\":\"zeitgeist\",\"sameAs\":[\"http:\\\/\\\/zeitgeistgermany.com\"],\"url\":\"https:\\\/\\\/zeitgeistgermany.com\\\/de\\\/author\\\/zeitgeist\\\/\"}]}<\/script>\n<!-- \/ Yoast SEO plugin. -->","yoast_head_json":{"title":"So w\u00e4hlen Sie die richtige Gr\u00f6\u00dfe und das richtige Kabel f\u00fcr Ihre IEMs - zeitgeistgermany.com","description":"Die richtige Passform kann bei der Verwendung von In-Ear-Monitoren den entscheidenden Unterschied im H\u00f6rerlebnis ausmachen.","robots":{"index":"index","follow":"follow","max-snippet":"max-snippet:-1","max-image-preview":"max-image-preview:large","max-video-preview":"max-video-preview:-1"},"canonical":"https:\/\/zeitgeistgermany.com\/de\/so-waehlen-sie-die-richtige-groesse-und-das-richtige-kabel-fuer-ihre-iems\/","og_locale":"de_DE","og_type":"article","og_title":"So w\u00e4hlen Sie die richtige Gr\u00f6\u00dfe und das richtige Kabel f\u00fcr Ihre IEMs - zeitgeistgermany.com","og_description":"Die richtige Passform kann bei der Verwendung von In-Ear-Monitoren den entscheidenden Unterschied im H\u00f6rerlebnis ausmachen.","og_url":"https:\/\/zeitgeistgermany.com\/de\/so-waehlen-sie-die-richtige-groesse-und-das-richtige-kabel-fuer-ihre-iems\/","og_site_name":"zeitgeistgermany.com","article_published_time":"2024-06-04T11:00:55+00:00","article_modified_time":"2024-06-24T13:31:27+00:00","og_image":[{"width":1400,"height":684,"url":"https:\/\/zeitgeistgermany.com\/wp-content\/uploads\/2024\/06\/zeitgeistgermany_whisky_islay_sizes_banner_view.jpg","type":"image\/jpeg"}],"author":"zeitgeist","twitter_card":"summary_large_image","twitter_misc":{"Verfasst von":"zeitgeist","Gesch\u00e4tzte Lesezeit":"5\u00a0Minuten"},"schema":{"@context":"https:\/\/schema.org","@graph":[{"@type":"Article","@id":"https:\/\/zeitgeistgermany.com\/de\/so-waehlen-sie-die-richtige-groesse-und-das-richtige-kabel-fuer-ihre-iems\/#article","isPartOf":{"@id":"https:\/\/zeitgeistgermany.com\/de\/so-waehlen-sie-die-richtige-groesse-und-das-richtige-kabel-fuer-ihre-iems\/"},"author":{"name":"zeitgeist","@id":"https:\/\/zeitgeistgermany.com\/de\/#\/schema\/person\/3dd884e49aea59d845f78032a7b1d760"},"headline":"So w\u00e4hlen Sie die richtige Gr\u00f6\u00dfe und das richtige Kabel f\u00fcr Ihre IEMs","datePublished":"2024-06-04T11:00:55+00:00","dateModified":"2024-06-24T13:31:27+00:00","mainEntityOfPage":{"@id":"https:\/\/zeitgeistgermany.com\/de\/so-waehlen-sie-die-richtige-groesse-und-das-richtige-kabel-fuer-ihre-iems\/"},"wordCount":944,"publisher":{"@id":"https:\/\/zeitgeistgermany.com\/de\/#organization"},"image":{"@id":"https:\/\/zeitgeistgermany.com\/de\/so-waehlen-sie-die-richtige-groesse-und-das-richtige-kabel-fuer-ihre-iems\/#primaryimage"},"thumbnailUrl":"https:\/\/zeitgeistgermany.com\/wp-content\/uploads\/2024\/06\/zeitgeistgermany_whisky_islay_sizes_banner_view.jpg","articleSection":["Zeitgeist Germany"],"inLanguage":"de"},{"@type":"WebPage","@id":"https:\/\/zeitgeistgermany.com\/de\/so-waehlen-sie-die-richtige-groesse-und-das-richtige-kabel-fuer-ihre-iems\/","url":"https:\/\/zeitgeistgermany.com\/de\/so-waehlen-sie-die-richtige-groesse-und-das-richtige-kabel-fuer-ihre-iems\/","name":"So w\u00e4hlen Sie die richtige Gr\u00f6\u00dfe und das richtige Kabel f\u00fcr Ihre IEMs - zeitgeistgermany.com","isPartOf":{"@id":"https:\/\/zeitgeistgermany.com\/de\/#website"},"primaryImageOfPage":{"@id":"https:\/\/zeitgeistgermany.com\/de\/so-waehlen-sie-die-richtige-groesse-und-das-richtige-kabel-fuer-ihre-iems\/#primaryimage"},"image":{"@id":"https:\/\/zeitgeistgermany.com\/de\/so-waehlen-sie-die-richtige-groesse-und-das-richtige-kabel-fuer-ihre-iems\/#primaryimage"},"thumbnailUrl":"https:\/\/zeitgeistgermany.com\/wp-content\/uploads\/2024\/06\/zeitgeistgermany_whisky_islay_sizes_banner_view.jpg","datePublished":"2024-06-04T11:00:55+00:00","dateModified":"2024-06-24T13:31:27+00:00","description":"Die richtige Passform kann bei der Verwendung von In-Ear-Monitoren den entscheidenden Unterschied im H\u00f6rerlebnis ausmachen.","breadcrumb":{"@id":"https:\/\/zeitgeistgermany.com\/de\/so-waehlen-sie-die-richtige-groesse-und-das-richtige-kabel-fuer-ihre-iems\/#breadcrumb"},"inLanguage":"de","potentialAction":[{"@type":"ReadAction","target":["https:\/\/zeitgeistgermany.com\/de\/so-waehlen-sie-die-richtige-groesse-und-das-richtige-kabel-fuer-ihre-iems\/"]}]},{"@type":"ImageObject","inLanguage":"de","@id":"https:\/\/zeitgeistgermany.com\/de\/so-waehlen-sie-die-richtige-groesse-und-das-richtige-kabel-fuer-ihre-iems\/#primaryimage","url":"https:\/\/zeitgeistgermany.com\/wp-content\/uploads\/2024\/06\/zeitgeistgermany_whisky_islay_sizes_banner_view.jpg","contentUrl":"https:\/\/zeitgeistgermany.com\/wp-content\/uploads\/2024\/06\/zeitgeistgermany_whisky_islay_sizes_banner_view.jpg","width":1400,"height":684},{"@type":"BreadcrumbList","@id":"https:\/\/zeitgeistgermany.com\/de\/so-waehlen-sie-die-richtige-groesse-und-das-richtige-kabel-fuer-ihre-iems\/#breadcrumb","itemListElement":[{"@type":"ListItem","position":1,"name":"Startseite","item":"https:\/\/zeitgeistgermany.com\/de\/"},{"@type":"ListItem","position":2,"name":"So w\u00e4hlen Sie die richtige Gr\u00f6\u00dfe und das richtige Kabel f\u00fcr Ihre IEMs"}]},{"@type":"WebSite","@id":"https:\/\/zeitgeistgermany.com\/de\/#website","url":"https:\/\/zeitgeistgermany.com\/de\/","name":"zeitgeistgermany.com","description":"Finest IEM - made in Germany.","publisher":{"@id":"https:\/\/zeitgeistgermany.com\/de\/#organization"},"potentialAction":[{"@type":"SearchAction","target":{"@type":"EntryPoint","urlTemplate":"https:\/\/zeitgeistgermany.com\/de\/?s={search_term_string}"},"query-input":{"@type":"PropertyValueSpecification","valueRequired":true,"valueName":"search_term_string"}}],"inLanguage":"de"},{"@type":"Organization","@id":"https:\/\/zeitgeistgermany.com\/de\/#organization","name":"zeitgeistgermany.com","url":"https:\/\/zeitgeistgermany.com\/de\/","logo":{"@type":"ImageObject","inLanguage":"de","@id":"https:\/\/zeitgeistgermany.com\/de\/#\/schema\/logo\/image\/","url":"https:\/\/zeitgeistgermany.com\/wp-content\/uploads\/2024\/06\/webicon.png","contentUrl":"https:\/\/zeitgeistgermany.com\/wp-content\/uploads\/2024\/06\/webicon.png","width":512,"height":512,"caption":"zeitgeistgermany.com"},"image":{"@id":"https:\/\/zeitgeistgermany.com\/de\/#\/schema\/logo\/image\/"}},{"@type":"Person","@id":"https:\/\/zeitgeistgermany.com\/de\/#\/schema\/person\/3dd884e49aea59d845f78032a7b1d760","name":"zeitgeist","sameAs":["http:\/\/zeitgeistgermany.com"],"url":"https:\/\/zeitgeistgermany.com\/de\/author\/zeitgeist\/"}]}},"_links":{"self":[{"href":"https:\/\/zeitgeistgermany.com\/de\/wp-json\/wp\/v2\/posts\/2652","targetHints":{"allow":["GET"]}}],"collection":[{"href":"https:\/\/zeitgeistgermany.com\/de\/wp-json\/wp\/v2\/posts"}],"about":[{"href":"https:\/\/zeitgeistgermany.com\/de\/wp-json\/wp\/v2\/types\/post"}],"author":[{"embeddable":true,"href":"https:\/\/zeitgeistgermany.com\/de\/wp-json\/wp\/v2\/users\/1"}],"replies":[{"embeddable":true,"href":"https:\/\/zeitgeistgermany.com\/de\/wp-json\/wp\/v2\/comments?post=2652"}],"version-history":[{"count":9,"href":"https:\/\/zeitgeistgermany.com\/de\/wp-json\/wp\/v2\/posts\/2652\/revisions"}],"predecessor-version":[{"id":3487,"href":"https:\/\/zeitgeistgermany.com\/de\/wp-json\/wp\/v2\/posts\/2652\/revisions\/3487"}],"wp:featuredmedia":[{"embeddable":true,"href":"https:\/\/zeitgeistgermany.com\/de\/wp-json\/wp\/v2\/media\/3188"}],"wp:attachment":[{"href":"https:\/\/zeitgeistgermany.com\/de\/wp-json\/wp\/v2\/media?parent=2652"}],"wp:term":[{"taxonomy":"category","embeddable":true,"href":"https:\/\/zeitgeistgermany.com\/de\/wp-json\/wp\/v2\/categories?post=2652"},{"taxonomy":"post_tag","embeddable":true,"href":"https:\/\/zeitgeistgermany.com\/de\/wp-json\/wp\/v2\/tags?post=2652"}],"curies":[{"name":"wp","href":"https:\/\/api.w.org\/{rel}","templated":true}]}}